{"id":7728,"date":"2025-06-15T12:27:15","date_gmt":"2025-06-15T10:27:15","guid":{"rendered":"https:\/\/www.stenmelin.se\/koket\/?p=7728"},"modified":"2025-06-15T12:27:15","modified_gmt":"2025-06-15T10:27:15","slug":"kladdkaka","status":"publish","type":"post","link":"https:\/\/www.stenmelin.se\/koket\/2025\/06\/kladdkaka\/","title":{"rendered":"Kladdkaka*"},"content":{"rendered":"<p>2 \u00e4gg<br \/>\n3 dl str\u00f6socker<br \/>\n4 msk (drygt) kakao<br \/>\n1 nypa salt<br \/>\n2 tsk Vanilj<br \/>\n1\/2 tsk bakpulver<br \/>\n1 1\/2 dl vetemj\u00f6l<br \/>\n100 g sm\u00f6r<\/p>\n<ul>\n<li>s\u00e4tt ugnen p\u00e5 200\u00b0<\/li>\n<li>vispa \u00e4gg och socker<\/li>\n<li>blanda alla torra ingredienser<\/li>\n<li>sm\u00e4lt sm\u00f6ret<\/li>\n<li>sm\u00f6rj och br\u00f6a en form<\/li>\n<li>blanda \u00e4ggsmet och mj\u00f6lkblandningen<\/li>\n<li>r\u00f6r ner sm\u00f6r tills smeten \u00e4r j\u00e4mn<\/li>\n<li>h\u00e4ll i formen<\/li>\n<li>s\u00e4tt formen i ugnen 200\u00b0 och s\u00e4nk genast till 175\u00b0 och l\u00e5t st\u00e5 i 10 min<\/li>\n<li>s\u00e4nk sedan v\u00e4rmen till 150\u00b0 och gr\u00e4dda ytterligare 30 min<\/li>\n<\/ul>\n","protected":false},"excerpt":{"rendered":"<p>2 \u00e4gg 3 dl str\u00f6socker 4 msk (drygt) kakao 1 nypa salt 2 tsk Vanilj 1\/2 tsk bakpulver 1 1\/2 dl vetemj\u00f6l 100 g sm\u00f6r s\u00e4tt ugnen p\u00e5 200\u00b0 vispa \u00e4gg och socker blanda alla torra ingredienser sm\u00e4lt sm\u00f6ret sm\u00f6rj och br\u00f6a en form blanda \u00e4ggsmet och mj\u00f6lkblandningen r\u00f6r ner sm\u00f6r tills smeten \u00e4r j\u00e4mn [&hellip;]<\/p>\n","protected":false},"author":1,"featured_media":0,"comment_status":"closed","ping_status":"closed","sticky":false,"template":"","format":"standard","meta":{"footnotes":""},"categories":[30,449,333],"tags":[],"class_list":["post-7728","post","type-post","status-publish","format-standard","hentry","category-bakat","category-kakor-mm","category-mammas-haften"],"_links":{"self":[{"href":"https:\/\/www.stenmelin.se\/koket\/wp-json\/wp\/v2\/posts\/7728","targetHints":{"allow":["GET"]}}],"collection":[{"href":"https:\/\/www.stenmelin.se\/koket\/wp-json\/wp\/v2\/posts"}],"about":[{"href":"https:\/\/www.stenmelin.se\/koket\/wp-json\/wp\/v2\/types\/post"}],"author":[{"embeddable":true,"href":"https:\/\/www.stenmelin.se\/koket\/wp-json\/wp\/v2\/users\/1"}],"replies":[{"embeddable":true,"href":"https:\/\/www.stenmelin.se\/koket\/wp-json\/wp\/v2\/comments?post=7728"}],"version-history":[{"count":1,"href":"https:\/\/www.stenmelin.se\/koket\/wp-json\/wp\/v2\/posts\/7728\/revisions"}],"predecessor-version":[{"id":7729,"href":"https:\/\/www.stenmelin.se\/koket\/wp-json\/wp\/v2\/posts\/7728\/revisions\/7729"}],"wp:attachment":[{"href":"https:\/\/www.stenmelin.se\/koket\/wp-json\/wp\/v2\/media?parent=7728"}],"wp:term":[{"taxonomy":"category","embeddable":true,"href":"https:\/\/www.stenmelin.se\/koket\/wp-json\/wp\/v2\/categories?post=7728"},{"taxonomy":"post_tag","embeddable":true,"href":"https:\/\/www.stenmelin.se\/koket\/wp-json\/wp\/v2\/tags?post=7728"}],"curies":[{"name":"wp","href":"https:\/\/api.w.org\/{rel}","templated":true}]}}