{"id":7722,"date":"2025-06-14T14:00:46","date_gmt":"2025-06-14T12:00:46","guid":{"rendered":"https:\/\/www.stenmelin.se\/koket\/?p=7722"},"modified":"2025-06-14T14:00:46","modified_gmt":"2025-06-14T12:00:46","slug":"fyllda-dinkelpannkakor","status":"publish","type":"post","link":"https:\/\/www.stenmelin.se\/koket\/2025\/06\/fyllda-dinkelpannkakor\/","title":{"rendered":"Fyllda dinkelpannkakor*"},"content":{"rendered":"<p>Receptet ger 6 pannkakor<\/p>\n<p>1 dl dinkelmj\u00f6l<br \/>\n2 dl mj\u00f6lk<br \/>\n2 \u00e4gg<br \/>\nsalt<br \/>\npeppar<\/p>\n<p>Fyllning<br \/>\nr\u00f6kt skinka eller mager lagrad ost<\/p>\n<ul>\n<li>Vispa ihop mj\u00f6l och mj\u00f6lk<\/li>\n<li>Vispa ner \u00e4ggen<\/li>\n<li>Smaka av med salt och peppar<\/li>\n<li>L\u00e5t smeten st\u00e5 och sv\u00e4lla i ca 20 min<\/li>\n<li>Gr\u00e4dda pannkakorna och l\u00e5t dem svalna<\/li>\n<li>L\u00e4gg ut dem och t\u00e4ck med skinka eller ost<\/li>\n<li>Rulla ihop, f\u00f6rvara dem i kylen<\/li>\n<li>V\u00e4rm p\u00e5 fulleffekt i mikron ca 1 min<\/li>\n<\/ul>\n<p>Servera g\u00e4rna med k\u00f6rsb\u00e4rstomater<\/p>\n","protected":false},"excerpt":{"rendered":"<p>Receptet ger 6 pannkakor 1 dl dinkelmj\u00f6l 2 dl mj\u00f6lk 2 \u00e4gg salt peppar Fyllning r\u00f6kt skinka eller mager lagrad ost Vispa ihop mj\u00f6l och mj\u00f6lk Vispa ner \u00e4ggen Smaka av med salt och peppar L\u00e5t smeten st\u00e5 och sv\u00e4lla i ca 20 min Gr\u00e4dda pannkakorna och l\u00e5t dem svalna L\u00e4gg ut dem och t\u00e4ck [&hellip;]<\/p>\n","protected":false},"author":1,"featured_media":0,"comment_status":"closed","ping_status":"closed","sticky":false,"template":"","format":"standard","meta":{"footnotes":""},"categories":[333,491],"tags":[],"class_list":["post-7722","post","type-post","status-publish","format-standard","hentry","category-mammas-haften","category-mjolratter"],"_links":{"self":[{"href":"https:\/\/www.stenmelin.se\/koket\/wp-json\/wp\/v2\/posts\/7722","targetHints":{"allow":["GET"]}}],"collection":[{"href":"https:\/\/www.stenmelin.se\/koket\/wp-json\/wp\/v2\/posts"}],"about":[{"href":"https:\/\/www.stenmelin.se\/koket\/wp-json\/wp\/v2\/types\/post"}],"author":[{"embeddable":true,"href":"https:\/\/www.stenmelin.se\/koket\/wp-json\/wp\/v2\/users\/1"}],"replies":[{"embeddable":true,"href":"https:\/\/www.stenmelin.se\/koket\/wp-json\/wp\/v2\/comments?post=7722"}],"version-history":[{"count":1,"href":"https:\/\/www.stenmelin.se\/koket\/wp-json\/wp\/v2\/posts\/7722\/revisions"}],"predecessor-version":[{"id":7723,"href":"https:\/\/www.stenmelin.se\/koket\/wp-json\/wp\/v2\/posts\/7722\/revisions\/7723"}],"wp:attachment":[{"href":"https:\/\/www.stenmelin.se\/koket\/wp-json\/wp\/v2\/media?parent=7722"}],"wp:term":[{"taxonomy":"category","embeddable":true,"href":"https:\/\/www.stenmelin.se\/koket\/wp-json\/wp\/v2\/categories?post=7722"},{"taxonomy":"post_tag","embeddable":true,"href":"https:\/\/www.stenmelin.se\/koket\/wp-json\/wp\/v2\/tags?post=7722"}],"curies":[{"name":"wp","href":"https:\/\/api.w.org\/{rel}","templated":true}]}}