{"id":7707,"date":"2025-06-14T12:57:12","date_gmt":"2025-06-14T10:57:12","guid":{"rendered":"https:\/\/www.stenmelin.se\/koket\/?p=7707"},"modified":"2025-06-14T12:57:58","modified_gmt":"2025-06-14T10:57:58","slug":"curry-och-appelsill","status":"publish","type":"post","link":"https:\/\/www.stenmelin.se\/koket\/2025\/06\/curry-och-appelsill\/","title":{"rendered":"Curry och \u00e4ppelsill*"},"content":{"rendered":"<p>1\/2 kg sillfil\u00e9er<br \/>\n2 dl majon\u00e4s<br \/>\n4 dl gr\u00e4ddfil<br \/>\n2 st skalade syrliga \u00e4pplen<br \/>\n1\/2 dl kapris<br \/>\n1 dl grovhackad persilja<br \/>\nsalt<br \/>\npeppar<br \/>\nlite citron<\/p>\n<ul>\n<li>Sk\u00e4r \u00e4pplena i t\u00e4rningar<\/li>\n<li>Blanda alla ingredienser utom sillen<\/li>\n<li>Smaks\u00e4tt med salt peppar och citron<\/li>\n<li>Blanda i sill och l\u00e5t den st\u00e5 1 dygn i kylen<\/li>\n<\/ul>\n","protected":false},"excerpt":{"rendered":"<p>1\/2 kg sillfil\u00e9er 2 dl majon\u00e4s 4 dl gr\u00e4ddfil 2 st skalade syrliga \u00e4pplen 1\/2 dl kapris 1 dl grovhackad persilja salt peppar lite citron Sk\u00e4r \u00e4pplena i t\u00e4rningar Blanda alla ingredienser utom sillen Smaks\u00e4tt med salt peppar och citron Blanda i sill och l\u00e5t den st\u00e5 1 dygn i kylen<\/p>\n","protected":false},"author":1,"featured_media":0,"comment_status":"closed","ping_status":"closed","sticky":false,"template":"","format":"standard","meta":{"footnotes":""},"categories":[33,333],"tags":[],"class_list":["post-7707","post","type-post","status-publish","format-standard","hentry","category-fisk-och-skaldjur","category-mammas-haften"],"_links":{"self":[{"href":"https:\/\/www.stenmelin.se\/koket\/wp-json\/wp\/v2\/posts\/7707","targetHints":{"allow":["GET"]}}],"collection":[{"href":"https:\/\/www.stenmelin.se\/koket\/wp-json\/wp\/v2\/posts"}],"about":[{"href":"https:\/\/www.stenmelin.se\/koket\/wp-json\/wp\/v2\/types\/post"}],"author":[{"embeddable":true,"href":"https:\/\/www.stenmelin.se\/koket\/wp-json\/wp\/v2\/users\/1"}],"replies":[{"embeddable":true,"href":"https:\/\/www.stenmelin.se\/koket\/wp-json\/wp\/v2\/comments?post=7707"}],"version-history":[{"count":1,"href":"https:\/\/www.stenmelin.se\/koket\/wp-json\/wp\/v2\/posts\/7707\/revisions"}],"predecessor-version":[{"id":7708,"href":"https:\/\/www.stenmelin.se\/koket\/wp-json\/wp\/v2\/posts\/7707\/revisions\/7708"}],"wp:attachment":[{"href":"https:\/\/www.stenmelin.se\/koket\/wp-json\/wp\/v2\/media?parent=7707"}],"wp:term":[{"taxonomy":"category","embeddable":true,"href":"https:\/\/www.stenmelin.se\/koket\/wp-json\/wp\/v2\/categories?post=7707"},{"taxonomy":"post_tag","embeddable":true,"href":"https:\/\/www.stenmelin.se\/koket\/wp-json\/wp\/v2\/tags?post=7707"}],"curies":[{"name":"wp","href":"https:\/\/api.w.org\/{rel}","templated":true}]}}