{"id":7702,"date":"2025-06-11T13:03:26","date_gmt":"2025-06-11T11:03:26","guid":{"rendered":"https:\/\/www.stenmelin.se\/koket\/?p=7702"},"modified":"2025-06-11T13:03:26","modified_gmt":"2025-06-11T11:03:26","slug":"kalkonschnitzel-med-potatissallad-och-apple-med-rodbetor","status":"publish","type":"post","link":"https:\/\/www.stenmelin.se\/koket\/2025\/06\/kalkonschnitzel-med-potatissallad-och-apple-med-rodbetor\/","title":{"rendered":"Kalkonschnitzel med potatissallad och \u00e4pple med r\u00f6dbetor*"},"content":{"rendered":"<p>4 f\u00e4rska kalkonschnitzlar<br \/>\n1\/2 dl mj\u00f6l<br \/>\nsalt<br \/>\nkryddor (i\u00a0 anteckningarna anges inte vilka kryddor)<br \/>\n600 g potatis<br \/>\nolivolja<br \/>\nf\u00e4rska \u00f6rter (ex basilika, persilja)<br \/>\n4 r\u00f6dbetor i klyftor<br \/>\n2 \u00e4pple i klyftor<\/p>\n<ul>\n<li>skala och koka potatisen<\/li>\n<li>hacka \u00f6rterna och mixa med olivoljan<\/li>\n<li>n\u00e4r potatisen \u00e4r n\u00e4stan f\u00e4rdig s\u00e5 v\u00e4nds de l\u00e4tt saltade kalokonskivorna i mj\u00f6l och stek dem p\u00e5 b\u00e5da sidorna<\/li>\n<li>krossa potatisen l\u00e4tt, ej mosa, och v\u00e4nd ner \u00f6rtoljan<\/li>\n<li>stek \u00e4ppelklyftorna v\u00e4rm r\u00f6dbetorna<\/li>\n<li>sm\u00e4lt lite sm\u00f6r och h\u00e4ll \u00f6ver klyftorna<\/li>\n<\/ul>\n<p>Det g\u00e5r s\u00e4kert bra med annat k\u00f6tt t.ex kycklingbr\u00f6st<\/p>\n","protected":false},"excerpt":{"rendered":"<p>4 f\u00e4rska kalkonschnitzlar 1\/2 dl mj\u00f6l salt kryddor (i\u00a0 anteckningarna anges inte vilka kryddor) 600 g potatis olivolja f\u00e4rska \u00f6rter (ex basilika, persilja) 4 r\u00f6dbetor i klyftor 2 \u00e4pple i klyftor skala och koka potatisen hacka \u00f6rterna och mixa med olivoljan n\u00e4r potatisen \u00e4r n\u00e4stan f\u00e4rdig s\u00e5 v\u00e4nds de l\u00e4tt saltade kalokonskivorna i mj\u00f6l och [&hellip;]<\/p>\n","protected":false},"author":1,"featured_media":0,"comment_status":"closed","ping_status":"closed","sticky":false,"template":"","format":"standard","meta":{"footnotes":""},"categories":[29,333],"tags":[],"class_list":["post-7702","post","type-post","status-publish","format-standard","hentry","category-kott","category-mammas-haften"],"_links":{"self":[{"href":"https:\/\/www.stenmelin.se\/koket\/wp-json\/wp\/v2\/posts\/7702","targetHints":{"allow":["GET"]}}],"collection":[{"href":"https:\/\/www.stenmelin.se\/koket\/wp-json\/wp\/v2\/posts"}],"about":[{"href":"https:\/\/www.stenmelin.se\/koket\/wp-json\/wp\/v2\/types\/post"}],"author":[{"embeddable":true,"href":"https:\/\/www.stenmelin.se\/koket\/wp-json\/wp\/v2\/users\/1"}],"replies":[{"embeddable":true,"href":"https:\/\/www.stenmelin.se\/koket\/wp-json\/wp\/v2\/comments?post=7702"}],"version-history":[{"count":1,"href":"https:\/\/www.stenmelin.se\/koket\/wp-json\/wp\/v2\/posts\/7702\/revisions"}],"predecessor-version":[{"id":7703,"href":"https:\/\/www.stenmelin.se\/koket\/wp-json\/wp\/v2\/posts\/7702\/revisions\/7703"}],"wp:attachment":[{"href":"https:\/\/www.stenmelin.se\/koket\/wp-json\/wp\/v2\/media?parent=7702"}],"wp:term":[{"taxonomy":"category","embeddable":true,"href":"https:\/\/www.stenmelin.se\/koket\/wp-json\/wp\/v2\/categories?post=7702"},{"taxonomy":"post_tag","embeddable":true,"href":"https:\/\/www.stenmelin.se\/koket\/wp-json\/wp\/v2\/tags?post=7702"}],"curies":[{"name":"wp","href":"https:\/\/api.w.org\/{rel}","templated":true}]}}