{"id":7167,"date":"2020-07-28T17:31:53","date_gmt":"2020-07-28T15:31:53","guid":{"rendered":"https:\/\/www.stenmelin.se\/koket\/?p=7167"},"modified":"2020-07-28T17:31:53","modified_gmt":"2020-07-28T15:31:53","slug":"middagsgratang-med-potatis","status":"publish","type":"post","link":"https:\/\/www.stenmelin.se\/koket\/2020\/07\/middagsgratang-med-potatis\/","title":{"rendered":"Middagsgrat\u00e4ng med potatis*"},"content":{"rendered":"<p>6 portioner<\/p>\n<p>8 potatisar, 1 morot, 3 palsternackor, 3 dl mj\u00f6lk, 1 gr\u00f6nsaksbuljongt\u00e4rning, 2 kvistar broccoli (250 gr) i mindre bitar, 2 stj\u00e4lkar selleri i skivor, 1 strimlad stor purjo, 2 f\u00e4rska l\u00f6kar i tunna klyftor, 2-3 pressade vitl\u00f6ksklyftor, 1 msk hackad basilika, 1 tsk salt, 1 krm svartpeppar, 3 dl lagrad ost, 2 dl vispgr\u00e4dde.<\/p>\n<p>Skiva potatis och morot och palsternacka tunt. Koka i mj\u00f6lken i buljong ca 5 min. L\u00e4gg i broccolin, sellerin, purjo och l\u00f6k. Koka ytterligare 2 minuter. Ta kastrullen fr\u00e5n v\u00e4rmen. R\u00f6r ner vitl\u00f6k, basilika, salt, peppar, gr\u00e4dde + h\u00e4lften av osten. Bred ut allt i ugnss\u00e4ker form. Str\u00f6 \u00f6ver osten. Gr\u00e4dda i 200\u00b0 40 min. Servera som ensamr\u00e4tt eller till k\u00f6tt el fisk.<\/p>\n","protected":false},"excerpt":{"rendered":"<p>6 portioner 8 potatisar, 1 morot, 3 palsternackor, 3 dl mj\u00f6lk, 1 gr\u00f6nsaksbuljongt\u00e4rning, 2 kvistar broccoli (250 gr) i mindre bitar, 2 stj\u00e4lkar selleri i skivor, 1 strimlad stor purjo, 2 f\u00e4rska l\u00f6kar i tunna klyftor, 2-3 pressade vitl\u00f6ksklyftor, 1 msk hackad basilika, 1 tsk salt, 1 krm svartpeppar, 3 dl lagrad ost, 2 dl [&hellip;]<\/p>\n","protected":false},"author":1,"featured_media":0,"comment_status":"closed","ping_status":"closed","sticky":false,"template":"","format":"standard","meta":{"footnotes":""},"categories":[36,333],"tags":[74,66,67,291],"class_list":["post-7167","post","type-post","status-publish","format-standard","hentry","category-gronsaker","category-mammas-haften","tag-broccoli","tag-morot","tag-palsternacka","tag-potatis"],"_links":{"self":[{"href":"https:\/\/www.stenmelin.se\/koket\/wp-json\/wp\/v2\/posts\/7167","targetHints":{"allow":["GET"]}}],"collection":[{"href":"https:\/\/www.stenmelin.se\/koket\/wp-json\/wp\/v2\/posts"}],"about":[{"href":"https:\/\/www.stenmelin.se\/koket\/wp-json\/wp\/v2\/types\/post"}],"author":[{"embeddable":true,"href":"https:\/\/www.stenmelin.se\/koket\/wp-json\/wp\/v2\/users\/1"}],"replies":[{"embeddable":true,"href":"https:\/\/www.stenmelin.se\/koket\/wp-json\/wp\/v2\/comments?post=7167"}],"version-history":[{"count":1,"href":"https:\/\/www.stenmelin.se\/koket\/wp-json\/wp\/v2\/posts\/7167\/revisions"}],"predecessor-version":[{"id":7168,"href":"https:\/\/www.stenmelin.se\/koket\/wp-json\/wp\/v2\/posts\/7167\/revisions\/7168"}],"wp:attachment":[{"href":"https:\/\/www.stenmelin.se\/koket\/wp-json\/wp\/v2\/media?parent=7167"}],"wp:term":[{"taxonomy":"category","embeddable":true,"href":"https:\/\/www.stenmelin.se\/koket\/wp-json\/wp\/v2\/categories?post=7167"},{"taxonomy":"post_tag","embeddable":true,"href":"https:\/\/www.stenmelin.se\/koket\/wp-json\/wp\/v2\/tags?post=7167"}],"curies":[{"name":"wp","href":"https:\/\/api.w.org\/{rel}","templated":true}]}}