{"id":7133,"date":"2020-07-25T12:08:00","date_gmt":"2020-07-25T10:08:00","guid":{"rendered":"https:\/\/www.stenmelin.se\/koket\/?p=7133"},"modified":"2020-07-25T12:29:37","modified_gmt":"2020-07-25T10:29:37","slug":"lattrimmad-karre-med-citronsas-och-spenat","status":"publish","type":"post","link":"https:\/\/www.stenmelin.se\/koket\/2020\/07\/lattrimmad-karre-med-citronsas-och-spenat\/","title":{"rendered":"L\u00e4ttrimmad karr\u00e9 med citrons\u00e5s och spenat*"},"content":{"rendered":"<p>4 portioner (<em>fr\u00e5n tidningsklipp<\/em>)<\/p>\n<p>4 skivor fl\u00e4skkarre<br \/>\n2 msk salt<br \/>\n1 msk socker<br \/>\n1 krm krossad peppar<br \/>\n1 tsk \u00f6rtkrydor<\/p>\n<p>S\u00e5s:<br \/>\n1 dl kesella<br \/>\n1 dl gr\u00e4ddfil<br \/>\nsaft och rivet skal av en halv citron<br \/>\n1 msk finhackad l\u00f6k<br \/>\nev hackad citronmeliss<br \/>\nsalt och peppar<\/p>\n<p>Blanda salt socker och peppar. Str\u00f6 blandningen \u00f6ver k\u00f6ttskivorna. L\u00e4gg k\u00f6ttet i en plastp\u00e5se och l\u00e5t det ligga ett dygn, v\u00e4nd en g\u00e5ng.<br \/>\nBlanda kesella, gr\u00e4ddfil, citronsaft och skal, hackad l\u00f6k och ev citronmeliss. Smaka av med salt och peppar. l\u00e5t g\u00e4rna s\u00e5sen st\u00e5 och dra ett dygn den ocks\u00e5.<br \/>\ntorka av k\u00f6ttet. Grilla det \u00f6ver gl\u00f6d eller i ugnen ca 3 min per sida. Str\u00f6 \u00f6ver \u00f6rtkryddorna. Servera med s\u00e5sen, f\u00e4rskpotatis och f\u00f6rv\u00e4lld spenat.<\/p>\n","protected":false},"excerpt":{"rendered":"<p>4 portioner (fr\u00e5n tidningsklipp) 4 skivor fl\u00e4skkarre 2 msk salt 1 msk socker 1 krm krossad peppar 1 tsk \u00f6rtkrydor S\u00e5s: 1 dl kesella 1 dl gr\u00e4ddfil saft och rivet skal av en halv citron 1 msk finhackad l\u00f6k ev hackad citronmeliss salt och peppar Blanda salt socker och peppar. Str\u00f6 blandningen \u00f6ver k\u00f6ttskivorna. L\u00e4gg [&hellip;]<\/p>\n","protected":false},"author":1,"featured_media":0,"comment_status":"closed","ping_status":"closed","sticky":false,"template":"","format":"standard","meta":{"footnotes":""},"categories":[29,333],"tags":[466,467,71],"class_list":["post-7133","post","type-post","status-publish","format-standard","hentry","category-kott","category-mammas-haften","tag-flaskkarre","tag-kesella","tag-lok"],"_links":{"self":[{"href":"https:\/\/www.stenmelin.se\/koket\/wp-json\/wp\/v2\/posts\/7133","targetHints":{"allow":["GET"]}}],"collection":[{"href":"https:\/\/www.stenmelin.se\/koket\/wp-json\/wp\/v2\/posts"}],"about":[{"href":"https:\/\/www.stenmelin.se\/koket\/wp-json\/wp\/v2\/types\/post"}],"author":[{"embeddable":true,"href":"https:\/\/www.stenmelin.se\/koket\/wp-json\/wp\/v2\/users\/1"}],"replies":[{"embeddable":true,"href":"https:\/\/www.stenmelin.se\/koket\/wp-json\/wp\/v2\/comments?post=7133"}],"version-history":[{"count":2,"href":"https:\/\/www.stenmelin.se\/koket\/wp-json\/wp\/v2\/posts\/7133\/revisions"}],"predecessor-version":[{"id":7135,"href":"https:\/\/www.stenmelin.se\/koket\/wp-json\/wp\/v2\/posts\/7133\/revisions\/7135"}],"wp:attachment":[{"href":"https:\/\/www.stenmelin.se\/koket\/wp-json\/wp\/v2\/media?parent=7133"}],"wp:term":[{"taxonomy":"category","embeddable":true,"href":"https:\/\/www.stenmelin.se\/koket\/wp-json\/wp\/v2\/categories?post=7133"},{"taxonomy":"post_tag","embeddable":true,"href":"https:\/\/www.stenmelin.se\/koket\/wp-json\/wp\/v2\/tags?post=7133"}],"curies":[{"name":"wp","href":"https:\/\/api.w.org\/{rel}","templated":true}]}}