{"id":6936,"date":"2018-03-03T13:59:09","date_gmt":"2018-03-03T12:59:09","guid":{"rendered":"https:\/\/www.stenmelin.se\/koket\/?p=6936"},"modified":"2018-03-03T13:59:09","modified_gmt":"2018-03-03T12:59:09","slug":"pastagratang-veckans-lunchlada","status":"publish","type":"post","link":"https:\/\/www.stenmelin.se\/koket\/2018\/03\/pastagratang-veckans-lunchlada\/","title":{"rendered":"Pastagrat\u00e4ng &#8211; veckans lunchl\u00e5da"},"content":{"rendered":"<p>Frysta portionsformar att ha med till lunchen \u00e4r b\u00e5de billigt och \u00e4r f\u00f6rmodligen dessutom vara godare \u00e4n lunchhakens.<\/p>\n<p>L\u00e4mplig kortskuren pasta<br \/>\n1 burk konserverade kron\u00e4rtskocksbottnar, v\u00e4l avrunna<br \/>\n1\/2 pkt bacon eller motsvarande m\u00e4ngd pancetta, i fina bitar<br \/>\n1 n\u00e4ve valn\u00f6tter<br \/>\n1 vitl\u00f6ksklyfta finhackad<br \/>\nriven ost, jag f\u00f6redra sk\u00e4lvriven Cheddar<br \/>\nca 2 msk olivolja<br \/>\n2-3 msk vitt vin<br \/>\nSalt och nymald svartpeppar<\/p>\n<ol>\n<li>Fr\u00e4s baconet eller pancetta halvknapriga i en stekpanna.<\/li>\n<li>Dela valn\u00f6tterna i monder bitar med fingrarna.<\/li>\n<li>Om du river egen ost g\u00f6r du det nu!<\/li>\n<li>K\u00f6r de avrunna kron\u00e4rtskocksbottnarna i matberedaren eller med mixerstav till en sl\u00e4t pure tillsammans med olivoljan. Tills\u00e4tt en pressad vitl\u00f6ksklyfta.<\/li>\n<li>Blanda kron\u00e4rtspuren med bacon (uteslut fettet) valn\u00f6tter och vitt vin, smaka av med salt och peppar, r\u00f6r om och s\u00e4tt p\u00e5 svag v\u00e4rme medan du kokar pastan i en storkastrull med <strong>saltat vatten!<\/strong><\/li>\n<li>Blanda den kokta pastan med kron\u00e4rstspuren och fyll portionsformar , toppa med den rivna osten och gratinera i het unge med \u00f6verv\u00e4rme.<\/li>\n<\/ol>\n<p>Detta g\u00e5r bra att v\u00e4rma p\u00e5 tallrik i mikro eller i stekpanna. \u00c4ts med lite gr\u00f6nsaker som tilltugg och kanske en god br\u00f6dbit.<\/p>\n","protected":false},"excerpt":{"rendered":"<p>Frysta portionsformar att ha med till lunchen \u00e4r b\u00e5de billigt och \u00e4r f\u00f6rmodligen dessutom vara godare \u00e4n lunchhakens. L\u00e4mplig kortskuren pasta 1 burk konserverade kron\u00e4rtskocksbottnar, v\u00e4l avrunna 1\/2 pkt bacon eller motsvarande m\u00e4ngd pancetta, i fina bitar 1 n\u00e4ve valn\u00f6tter 1 vitl\u00f6ksklyfta finhackad riven ost, jag f\u00f6redra sk\u00e4lvriven Cheddar ca 2 msk olivolja 2-3 msk [&hellip;]<\/p>\n","protected":false},"author":1,"featured_media":6937,"comment_status":"closed","ping_status":"closed","sticky":false,"template":"","format":"standard","meta":{"footnotes":""},"categories":[37],"tags":[69,103,447,446],"class_list":["post-6936","post","type-post","status-publish","format-standard","has-post-thumbnail","hentry","category-pasta","tag-bacon","tag-kronartsskockor","tag-riven-ost","tag-valnotter"],"_links":{"self":[{"href":"https:\/\/www.stenmelin.se\/koket\/wp-json\/wp\/v2\/posts\/6936","targetHints":{"allow":["GET"]}}],"collection":[{"href":"https:\/\/www.stenmelin.se\/koket\/wp-json\/wp\/v2\/posts"}],"about":[{"href":"https:\/\/www.stenmelin.se\/koket\/wp-json\/wp\/v2\/types\/post"}],"author":[{"embeddable":true,"href":"https:\/\/www.stenmelin.se\/koket\/wp-json\/wp\/v2\/users\/1"}],"replies":[{"embeddable":true,"href":"https:\/\/www.stenmelin.se\/koket\/wp-json\/wp\/v2\/comments?post=6936"}],"version-history":[{"count":2,"href":"https:\/\/www.stenmelin.se\/koket\/wp-json\/wp\/v2\/posts\/6936\/revisions"}],"predecessor-version":[{"id":6939,"href":"https:\/\/www.stenmelin.se\/koket\/wp-json\/wp\/v2\/posts\/6936\/revisions\/6939"}],"wp:featuredmedia":[{"embeddable":true,"href":"https:\/\/www.stenmelin.se\/koket\/wp-json\/wp\/v2\/media\/6937"}],"wp:attachment":[{"href":"https:\/\/www.stenmelin.se\/koket\/wp-json\/wp\/v2\/media?parent=6936"}],"wp:term":[{"taxonomy":"category","embeddable":true,"href":"https:\/\/www.stenmelin.se\/koket\/wp-json\/wp\/v2\/categories?post=6936"},{"taxonomy":"post_tag","embeddable":true,"href":"https:\/\/www.stenmelin.se\/koket\/wp-json\/wp\/v2\/tags?post=6936"}],"curies":[{"name":"wp","href":"https:\/\/api.w.org\/{rel}","templated":true}]}}