{"id":5905,"date":"2014-10-03T11:16:15","date_gmt":"2014-10-03T09:16:15","guid":{"rendered":"https:\/\/dev.stenmelin.se\/?p=5905"},"modified":"2014-11-15T15:43:58","modified_gmt":"2014-11-15T14:43:58","slug":"smacirtus-och-vindruvor-hostens-fruktskal","status":"publish","type":"post","link":"https:\/\/www.stenmelin.se\/koket\/2014\/10\/smacirtus-och-vindruvor-hostens-fruktskal\/","title":{"rendered":"H\u00f6stens fruktsk\u00e5l &#8211; sm\u00e5citrus och vindruvor"},"content":{"rendered":"<p>I slutet av september b\u00f6rja de sm\u00e5 citrusfrukterna vara \u00e4tbara och \u00f6verkomliga i pris, likas\u00e5 de gr\u00f6na druvorna. Ett druva tips, n\u00e4r de gr\u00f6na druvorna b\u00f6rjar visa en lite svag ton av gulbrunt i det gr\u00f6na \u00e4r det som godast, undvik de illgr\u00f6na de \u00e4r f\u00f6r sura.<\/p>\n","protected":false},"excerpt":{"rendered":"<p>I slutet av september b\u00f6rja de sm\u00e5 citrusfrukterna vara \u00e4tbara och \u00f6verkomliga i pris, likas\u00e5 de gr\u00f6na druvorna. Ett druva tips, n\u00e4r de gr\u00f6na druvorna b\u00f6rjar visa en lite svag ton av gulbrunt i det gr\u00f6na \u00e4r det som godast, undvik de illgr\u00f6na de \u00e4r f\u00f6r sura.<\/p>\n","protected":false},"author":1,"featured_media":5906,"comment_status":"open","ping_status":"open","sticky":false,"template":"","format":"standard","meta":{"footnotes":""},"categories":[32,34],"tags":[265,264],"class_list":["post-5905","post","type-post","status-publish","format-standard","has-post-thumbnail","hentry","category-efterratter","category-frukt","tag-smacitrus","tag-vindruvor"],"_links":{"self":[{"href":"https:\/\/www.stenmelin.se\/koket\/wp-json\/wp\/v2\/posts\/5905","targetHints":{"allow":["GET"]}}],"collection":[{"href":"https:\/\/www.stenmelin.se\/koket\/wp-json\/wp\/v2\/posts"}],"about":[{"href":"https:\/\/www.stenmelin.se\/koket\/wp-json\/wp\/v2\/types\/post"}],"author":[{"embeddable":true,"href":"https:\/\/www.stenmelin.se\/koket\/wp-json\/wp\/v2\/users\/1"}],"replies":[{"embeddable":true,"href":"https:\/\/www.stenmelin.se\/koket\/wp-json\/wp\/v2\/comments?post=5905"}],"version-history":[{"count":5,"href":"https:\/\/www.stenmelin.se\/koket\/wp-json\/wp\/v2\/posts\/5905\/revisions"}],"predecessor-version":[{"id":5970,"href":"https:\/\/www.stenmelin.se\/koket\/wp-json\/wp\/v2\/posts\/5905\/revisions\/5970"}],"wp:featuredmedia":[{"embeddable":true,"href":"https:\/\/www.stenmelin.se\/koket\/wp-json\/wp\/v2\/media\/5906"}],"wp:attachment":[{"href":"https:\/\/www.stenmelin.se\/koket\/wp-json\/wp\/v2\/media?parent=5905"}],"wp:term":[{"taxonomy":"category","embeddable":true,"href":"https:\/\/www.stenmelin.se\/koket\/wp-json\/wp\/v2\/categories?post=5905"},{"taxonomy":"post_tag","embeddable":true,"href":"https:\/\/www.stenmelin.se\/koket\/wp-json\/wp\/v2\/tags?post=5905"}],"curies":[{"name":"wp","href":"https:\/\/api.w.org\/{rel}","templated":true}]}}