{"id":5388,"date":"2013-06-11T22:20:48","date_gmt":"2013-06-11T20:20:48","guid":{"rendered":"https:\/\/dev.stenmelin.se\/?p=5388"},"modified":"2014-05-31T21:42:04","modified_gmt":"2014-05-31T19:42:04","slug":"crostino-med-gron-artkram-giftigt-gron-men-med-en-himmelsk-lenhet-smeker-artkramen-gommen","status":"publish","type":"post","link":"https:\/\/www.stenmelin.se\/koket\/2013\/06\/crostino-med-gron-artkram-giftigt-gron-men-med-en-himmelsk-lenhet-smeker-artkramen-gommen\/","title":{"rendered":"Crostini med gr\u00f6n \u00e4rtkr\u00e4m &#8211; giftigt gr\u00f6n men med en himmelsk lenhet smeker \u00e4rtkr\u00e4men gommen"},"content":{"rendered":"<p><b>Crostini med \u00e4rtkr\u00e4m<\/b> (ca 15 st)<br \/>\n\u00e7a 15 skivor av baguette<br \/>\nKryddsm\u00f6r (se nedan)<br \/>\n400 gr gr\u00f6na \u00e4rtor<br \/>\n6 store klyftor vitl\u00f6k<br \/>\ngr\u00e4dde<br \/>\nsalt och nymald vitpeppar<\/p>\n<ol>\n<li>l\u00e4gg arterna i en vid kastrull och l\u00e5t dom tina<\/li>\n<li>sl\u00e5 p\u00e5 gr\u00e4dden, det ska knappt t\u00e4cka och l\u00e4gg i vitl\u00f6ksklyftorna<\/li>\n<li>koka upp och l\u00e5t koka ca 5-8 min, blir det f\u00f6r torrt sp\u00e4d med gr\u00e4dde<\/li>\n<li>medan \u00e4rtorna kokar brer du baguettsekivorna med kryddsm\u00f6ret och l\u00e4gger dem p\u00e5 en ugnspl\u00e5t<\/li>\n<li>k\u00f6r hela \u00e4rtkoket med mixerstav eller i matberedare till en sl\u00e4t pur\u00e9<\/li>\n<li>passera \u00e4rtmoset genom en tr\u00e5dsil eller chinois s\u00e5 att alt skal f\u00f6rsvinner<\/li>\n<li>rosta baguetteskivorna i n\u00e5gra minuter under het ugnsgrill (h\u00e5ll uppsikt), applicera d\u00e4refter en klick \u00e4rtkr\u00e4m p\u00e5 varje br\u00f6dskiva<\/li>\n<\/ol>\n<p>Om \u00e4rtkr\u00e4men blir f\u00f6r fast kan du alltid r\u00f6ra ut den med lite gr\u00e4dde eller en skv\u00e4tt mj\u00f6lk. Man kan pigga upp denna Crostino med en (1) droppe olja fr\u00e5n vitl\u00f6ksconfit om du r\u00e5kar ha det i kylen. Jag kan \u00e4ven t\u00e4nka mig n\u00e5gra rostade pinjen\u00f6tter p\u00e5 varje crostino.<\/p>\n<p><b>Kryddsm\u00f6r:<br \/>\n<\/b>en redig dos rumsvarmt sm\u00f6r<br \/>\nett knippe finhackad gr\u00e4sl\u00f6k<br \/>\nett knippe finhackad kruspersilja<br \/>\npressa vitl\u00f6k i \u00f6nskad m\u00e4ngd<br \/>\nflingsalt<br \/>\nnymald svarpeppar<\/p>\n<p>L\u00e4gg allt i en sk\u00e5l (v\u00e4nta med salt och peppar) och blanda v\u00e4l smaka av med salt och nymald svartpeppar<\/p>\n","protected":false},"excerpt":{"rendered":"<p>Crostini med \u00e4rtkr\u00e4m (ca 15 st) \u00e7a 15 skivor av baguette Kryddsm\u00f6r (se nedan) 400 gr gr\u00f6na \u00e4rtor 6 store klyftor vitl\u00f6k gr\u00e4dde salt och nymald vitpeppar l\u00e4gg arterna i en vid kastrull och l\u00e5t dom tina sl\u00e5 p\u00e5 gr\u00e4dden, det ska knappt t\u00e4cka och l\u00e4gg i vitl\u00f6ksklyftorna koka upp och l\u00e5t koka ca 5-8 [&hellip;]<\/p>\n","protected":false},"author":1,"featured_media":0,"comment_status":"open","ping_status":"open","sticky":false,"template":"","format":"standard","meta":{"footnotes":""},"categories":[35],"tags":[221],"class_list":["post-5388","post","type-post","status-publish","format-standard","hentry","category-forratter","tag-grona-artor"],"_links":{"self":[{"href":"https:\/\/www.stenmelin.se\/koket\/wp-json\/wp\/v2\/posts\/5388","targetHints":{"allow":["GET"]}}],"collection":[{"href":"https:\/\/www.stenmelin.se\/koket\/wp-json\/wp\/v2\/posts"}],"about":[{"href":"https:\/\/www.stenmelin.se\/koket\/wp-json\/wp\/v2\/types\/post"}],"author":[{"embeddable":true,"href":"https:\/\/www.stenmelin.se\/koket\/wp-json\/wp\/v2\/users\/1"}],"replies":[{"embeddable":true,"href":"https:\/\/www.stenmelin.se\/koket\/wp-json\/wp\/v2\/comments?post=5388"}],"version-history":[{"count":2,"href":"https:\/\/www.stenmelin.se\/koket\/wp-json\/wp\/v2\/posts\/5388\/revisions"}],"predecessor-version":[{"id":5395,"href":"https:\/\/www.stenmelin.se\/koket\/wp-json\/wp\/v2\/posts\/5388\/revisions\/5395"}],"wp:attachment":[{"href":"https:\/\/www.stenmelin.se\/koket\/wp-json\/wp\/v2\/media?parent=5388"}],"wp:term":[{"taxonomy":"category","embeddable":true,"href":"https:\/\/www.stenmelin.se\/koket\/wp-json\/wp\/v2\/categories?post=5388"},{"taxonomy":"post_tag","embeddable":true,"href":"https:\/\/www.stenmelin.se\/koket\/wp-json\/wp\/v2\/tags?post=5388"}],"curies":[{"name":"wp","href":"https:\/\/api.w.org\/{rel}","templated":true}]}}