{"id":5037,"date":"2010-09-06T07:21:07","date_gmt":"2010-09-06T05:21:07","guid":{"rendered":"https:\/\/dev.stenmelin.se\/?p=5037"},"modified":"2014-06-04T21:10:13","modified_gmt":"2014-06-04T19:10:13","slug":"tomat-och-fankalsallad-en-annorlunda-sallad-pa-sommarens-sista-omogna-tomater","status":"publish","type":"post","link":"https:\/\/www.stenmelin.se\/koket\/2010\/09\/tomat-och-fankalsallad-en-annorlunda-sallad-pa-sommarens-sista-omogna-tomater\/","title":{"rendered":"Tomat och f\u00e4nk\u00e5lsallad &#8211; en annorlunda sallad p\u00e5 sommarens sista omogna tomater"},"content":{"rendered":"<p>1 gr\u00f6n bifftomat (tomaten b\u00f6r ha en l\u00e4tt rodnad men inte mer)<br \/>\n1 f\u00e4nk\u00e5l<br \/>\ncitron<br \/>\nolivolja<br \/>\nsalt och peppar<\/p>\n<ol>\n<li>sk\u00e4r tomat och f\u00e4nk\u00e5l i mindre bitar, l\u00e4gg i en sk\u00e5l<\/li>\n<li>salta och peppra l\u00e4tt<\/li>\n<li>droppa lite citron och olivolja \u00f6ver och blanda<\/li>\n<\/ol>\n<p>Det g\u00e5r utm\u00e4rkt att anv\u00e4nda vanliga l\u00e4tt rodnade tomater, om tomaterna \u00e4r v\u00e4ldigt syrliga \u00e4r du f\u00f6rsiktig med citronen.<\/p>\n<p>Gott till grillat k\u00f6tt och fisk.<\/p>\n","protected":false},"excerpt":{"rendered":"<p>1 gr\u00f6n bifftomat (tomaten b\u00f6r ha en l\u00e4tt rodnad men inte mer) 1 f\u00e4nk\u00e5l citron olivolja salt och peppar sk\u00e4r tomat och f\u00e4nk\u00e5l i mindre bitar, l\u00e4gg i en sk\u00e5l salta och peppra l\u00e4tt droppa lite citron och olivolja \u00f6ver och blanda Det g\u00e5r utm\u00e4rkt att anv\u00e4nda vanliga l\u00e4tt rodnade tomater, om tomaterna \u00e4r v\u00e4ldigt [&hellip;]<\/p>\n","protected":false},"author":1,"featured_media":0,"comment_status":"open","ping_status":"open","sticky":false,"template":"","format":"standard","meta":{"footnotes":""},"categories":[36,42],"tags":[293,75,58],"class_list":["post-5037","post","type-post","status-publish","format-standard","hentry","category-gronsaker","category-tillbehor","tag-citron","tag-fankal","tag-tomat"],"_links":{"self":[{"href":"https:\/\/www.stenmelin.se\/koket\/wp-json\/wp\/v2\/posts\/5037","targetHints":{"allow":["GET"]}}],"collection":[{"href":"https:\/\/www.stenmelin.se\/koket\/wp-json\/wp\/v2\/posts"}],"about":[{"href":"https:\/\/www.stenmelin.se\/koket\/wp-json\/wp\/v2\/types\/post"}],"author":[{"embeddable":true,"href":"https:\/\/www.stenmelin.se\/koket\/wp-json\/wp\/v2\/users\/1"}],"replies":[{"embeddable":true,"href":"https:\/\/www.stenmelin.se\/koket\/wp-json\/wp\/v2\/comments?post=5037"}],"version-history":[{"count":2,"href":"https:\/\/www.stenmelin.se\/koket\/wp-json\/wp\/v2\/posts\/5037\/revisions"}],"predecessor-version":[{"id":5552,"href":"https:\/\/www.stenmelin.se\/koket\/wp-json\/wp\/v2\/posts\/5037\/revisions\/5552"}],"wp:attachment":[{"href":"https:\/\/www.stenmelin.se\/koket\/wp-json\/wp\/v2\/media?parent=5037"}],"wp:term":[{"taxonomy":"category","embeddable":true,"href":"https:\/\/www.stenmelin.se\/koket\/wp-json\/wp\/v2\/categories?post=5037"},{"taxonomy":"post_tag","embeddable":true,"href":"https:\/\/www.stenmelin.se\/koket\/wp-json\/wp\/v2\/tags?post=5037"}],"curies":[{"name":"wp","href":"https:\/\/api.w.org\/{rel}","templated":true}]}}