{"id":4824,"date":"2008-03-02T20:26:05","date_gmt":"2008-03-02T19:26:05","guid":{"rendered":"https:\/\/dev.stenmelin.se\/?p=4824"},"modified":"2014-06-01T23:19:27","modified_gmt":"2014-06-01T21:19:27","slug":"bucatini-allamatriciana-som-manga-riktigt-goda-pastasaser-ar-detta-lika-enkelt-som-genialt","status":"publish","type":"post","link":"https:\/\/www.stenmelin.se\/koket\/2008\/03\/bucatini-allamatriciana-som-manga-riktigt-goda-pastasaser-ar-detta-lika-enkelt-som-genialt\/","title":{"rendered":"Bucatini all\u00b4amatriciana &#8211; som m\u00e5nga riktigt goda pastas\u00e5ser \u00e4r detta lika enkelt som genialt."},"content":{"rendered":"<p>recept f\u00f6r 4 personer<\/p>\n<p>1 paket bucatini \u00e0 500 gr<br \/>\n2 skivor pancetta*<br \/>\n1 liten gul l\u00f6k<br \/>\n\u00bd glas vitt vin<br \/>\n600 gr cocktailtomater<br \/>\npeperoncino<br \/>\nsalt<br \/>\nev socker<br \/>\nolivolja<br \/>\n100 gr pecorino romano fint riven<\/p>\n<ol>\n<li>Sk\u00e4r pancettan i t\u00e4rningar- skiva l\u00f6ken i halvm\u00e5nar \u2013 sk\u00e4r tomaterna i sm\u00e5 bitar.<\/li>\n<li>Fr\u00e4s pancettan, l\u00f6ken och pepperoncino i olivoljan \u2013 tills\u00e4tt vinet och l\u00e5t det koka upp.<\/li>\n<li>L\u00e4gg i tomaterna och l\u00e5t s\u00e5sen koka tills den dragit ihop sig. Smaka av med salt och ev socker men t\u00e4nk p\u00e5 att osten \u00e4r salt. N\u00e4r s\u00e5sen \u00e4r f\u00e4rdig blanda i ca en tredje del av osten, r\u00f6r om och koka upp.<\/li>\n<li>Koka pastan i rikligt med saltat vatten. Blanda pastan, s\u00e5sen och resten av osten i en stor sk\u00e5l \u2013 servera genast.<\/li>\n<\/ol>\n<p>Kom ih\u00e5g att om du skulle f\u00e5 f\u00f6r dig att l\u00e4gga till vitl\u00f6k i detta recept skulle en italienare betrakta dig som f\u00f6rrymd mentalpatient och all&#8217; amatricianas\u00e5sen som helt o\u00e4tlig.<\/p>\n<p>Recept Lina Westin<\/p>\n<p>*) det ska vara pancetta eller guanciale och inte bacon i denna s\u00e5s, bacon \u00e4r f\u00f6r r\u00f6kigt f\u00f6r att passa. Guanciale \u00e4r ett torkat or\u00f6kt italienskt fl\u00e4sk ofta gjort p\u00e5 griskind som \u00e4r saltad och inbankat med grovmald svartpeppar, mycket gott.<\/p>\n","protected":false},"excerpt":{"rendered":"<p>recept f\u00f6r 4 personer 1 paket bucatini \u00e0 500 gr 2 skivor pancetta* 1 liten gul l\u00f6k \u00bd glas vitt vin 600 gr cocktailtomater peperoncino salt ev socker olivolja 100 gr pecorino romano fint riven Sk\u00e4r pancettan i t\u00e4rningar- skiva l\u00f6ken i halvm\u00e5nar \u2013 sk\u00e4r tomaterna i sm\u00e5 bitar. Fr\u00e4s pancettan, l\u00f6ken och pepperoncino i [&hellip;]<\/p>\n","protected":false},"author":1,"featured_media":0,"comment_status":"open","ping_status":"open","sticky":false,"template":"","format":"standard","meta":{"footnotes":""},"categories":[29,37],"tags":[112,60,71,157,113,58],"class_list":["post-4824","post","type-post","status-publish","format-standard","hentry","category-kott","category-pasta","tag-bucatini","tag-chili","tag-lok","tag-pancetta","tag-pecorino","tag-tomat"],"_links":{"self":[{"href":"https:\/\/www.stenmelin.se\/koket\/wp-json\/wp\/v2\/posts\/4824","targetHints":{"allow":["GET"]}}],"collection":[{"href":"https:\/\/www.stenmelin.se\/koket\/wp-json\/wp\/v2\/posts"}],"about":[{"href":"https:\/\/www.stenmelin.se\/koket\/wp-json\/wp\/v2\/types\/post"}],"author":[{"embeddable":true,"href":"https:\/\/www.stenmelin.se\/koket\/wp-json\/wp\/v2\/users\/1"}],"replies":[{"embeddable":true,"href":"https:\/\/www.stenmelin.se\/koket\/wp-json\/wp\/v2\/comments?post=4824"}],"version-history":[{"count":3,"href":"https:\/\/www.stenmelin.se\/koket\/wp-json\/wp\/v2\/posts\/4824\/revisions"}],"predecessor-version":[{"id":5519,"href":"https:\/\/www.stenmelin.se\/koket\/wp-json\/wp\/v2\/posts\/4824\/revisions\/5519"}],"wp:attachment":[{"href":"https:\/\/www.stenmelin.se\/koket\/wp-json\/wp\/v2\/media?parent=4824"}],"wp:term":[{"taxonomy":"category","embeddable":true,"href":"https:\/\/www.stenmelin.se\/koket\/wp-json\/wp\/v2\/categories?post=4824"},{"taxonomy":"post_tag","embeddable":true,"href":"https:\/\/www.stenmelin.se\/koket\/wp-json\/wp\/v2\/tags?post=4824"}],"curies":[{"name":"wp","href":"https:\/\/api.w.org\/{rel}","templated":true}]}}