{"id":4732,"date":"2008-01-17T22:32:08","date_gmt":"2008-01-17T21:32:08","guid":{"rendered":"https:\/\/dev.stenmelin.se\/?p=4732"},"modified":"2014-11-26T20:17:26","modified_gmt":"2014-11-26T19:17:26","slug":"kladdkaka-inte-det-mest-halsosamma-du-kan-vraka-i-dig-en-lordag-kvall","status":"publish","type":"post","link":"https:\/\/www.stenmelin.se\/koket\/2008\/01\/kladdkaka-inte-det-mest-halsosamma-du-kan-vraka-i-dig-en-lordag-kvall\/","title":{"rendered":"Kladdkaka &#8211; inte det mest h\u00e4lsosamma du kan vr\u00e4ka i dig en l\u00f6rdag kv\u00e4ll"},"content":{"rendered":"<p>r\u00f6r ihop f\u00f6ljande ingredienser<\/p>\n<p>2 \u00e4gg<br \/>\n1 \u00bd\u00a0dl vetemj\u00f6l<br \/>\n3 dl socker<br \/>\n4 msk kakao<br \/>\n(1 tsk vaniljsocker)<br \/>\n1 krm salt<br \/>\n1 dl sm\u00e4lt sm\u00f6r<br \/>\nhackade n\u00f6tter eller mandlar<\/p>\n<p>Formen ska sm\u00f6ras och mj\u00f6las<\/p>\n<p>gr\u00e4dda ca 30 min i 200\u00b0<\/p>\n<div id=\"attachment_5831\" style=\"width: 310px\" class=\"wp-caption alignright\"><a href=\"https:\/\/www.stenmelin.se\/koket\/wp-content\/uploads\/2014\/09\/Chokladbakelse-med-hallon-och-gradde.jpg\"><img loading=\"lazy\" decoding=\"async\" aria-describedby=\"caption-attachment-5831\" class=\"size-medium wp-image-5831\" src=\"https:\/\/www.stenmelin.se\/koket\/wp-content\/uploads\/2014\/09\/Chokladbakelse-med-hallon-och-gradde-300x200.jpg\" alt=\"Choklabakelse med hallon och gr\u00e4dde\" width=\"300\" height=\"200\" srcset=\"https:\/\/www.stenmelin.se\/koket\/wp-content\/uploads\/2014\/09\/Chokladbakelse-med-hallon-och-gradde-300x200.jpg 300w, https:\/\/www.stenmelin.se\/koket\/wp-content\/uploads\/2014\/09\/Chokladbakelse-med-hallon-och-gradde.jpg 640w\" sizes=\"auto, (max-width: 300px) 100vw, 300px\" \/><\/a><p id=\"caption-attachment-5831\" class=\"wp-caption-text\">Choklabakelse med hallon och gr\u00e4dde<\/p><\/div>\n<p>Ett serveringsalternativ: gr\u00e4dda kladdkakan i Madeleineformar och f\u00e5 portionsbakelser, dra ner p\u00e5 gr\u00e4ddningstiden lite (20 min i 200\u00b0), g\u00f6r en hallonspegel l\u00e4gg dit en madeleine och toppa med en klick gr\u00e4dde.<\/p>\n","protected":false},"excerpt":{"rendered":"<p>r\u00f6r ihop f\u00f6ljande ingredienser 2 \u00e4gg 1 \u00bd\u00a0dl vetemj\u00f6l 3 dl socker 4 msk kakao (1 tsk vaniljsocker) 1 krm salt 1 dl sm\u00e4lt sm\u00f6r hackade n\u00f6tter eller mandlar Formen ska sm\u00f6ras och mj\u00f6las gr\u00e4dda ca 30 min i 200\u00b0 Ett serveringsalternativ: gr\u00e4dda kladdkakan i Madeleineformar och f\u00e5 portionsbakelser, dra ner p\u00e5 gr\u00e4ddningstiden lite (20 [&hellip;]<\/p>\n","protected":false},"author":1,"featured_media":0,"comment_status":"open","ping_status":"open","sticky":false,"template":"","format":"standard","meta":{"footnotes":""},"categories":[30],"tags":[295],"class_list":["post-4732","post","type-post","status-publish","format-standard","hentry","category-bakat","tag-choklad"],"_links":{"self":[{"href":"https:\/\/www.stenmelin.se\/koket\/wp-json\/wp\/v2\/posts\/4732","targetHints":{"allow":["GET"]}}],"collection":[{"href":"https:\/\/www.stenmelin.se\/koket\/wp-json\/wp\/v2\/posts"}],"about":[{"href":"https:\/\/www.stenmelin.se\/koket\/wp-json\/wp\/v2\/types\/post"}],"author":[{"embeddable":true,"href":"https:\/\/www.stenmelin.se\/koket\/wp-json\/wp\/v2\/users\/1"}],"replies":[{"embeddable":true,"href":"https:\/\/www.stenmelin.se\/koket\/wp-json\/wp\/v2\/comments?post=4732"}],"version-history":[{"count":8,"href":"https:\/\/www.stenmelin.se\/koket\/wp-json\/wp\/v2\/posts\/4732\/revisions"}],"predecessor-version":[{"id":6009,"href":"https:\/\/www.stenmelin.se\/koket\/wp-json\/wp\/v2\/posts\/4732\/revisions\/6009"}],"wp:attachment":[{"href":"https:\/\/www.stenmelin.se\/koket\/wp-json\/wp\/v2\/media?parent=4732"}],"wp:term":[{"taxonomy":"category","embeddable":true,"href":"https:\/\/www.stenmelin.se\/koket\/wp-json\/wp\/v2\/categories?post=4732"},{"taxonomy":"post_tag","embeddable":true,"href":"https:\/\/www.stenmelin.se\/koket\/wp-json\/wp\/v2\/tags?post=4732"}],"curies":[{"name":"wp","href":"https:\/\/api.w.org\/{rel}","templated":true}]}}